{"id":7142,"date":"2015-01-05T12:30:06","date_gmt":"2015-01-05T12:30:06","guid":{"rendered":"http:\/\/www.narada-holding.com\/data\/?p=7142"},"modified":"2024-03-07T16:33:53","modified_gmt":"2024-03-07T16:33:53","slug":"biografija","status":"publish","type":"post","link":"http:\/\/www.veronika-santo.com\/?p=7142","title":{"rendered":"Biografija"},"content":{"rendered":"<p style=\"text-align: left;\"><a href=\"http:\/\/www.veronika-santo.com\/wp-content\/uploads\/santo-case-conflict.jpg\"><img decoding=\"async\" loading=\"lazy\" class=\"  wp-image-7166 alignleft\" src=\"http:\/\/www.veronika-santo.com\/wp-content\/uploads\/santo-case-conflict-300x169.jpg\" alt=\"santo-case-conflict\" width=\"394\" height=\"222\" srcset=\"http:\/\/www.veronika-santo.com\/wp-content\/uploads\/santo-case-conflict-300x169.jpg 300w, http:\/\/www.veronika-santo.com\/wp-content\/uploads\/santo-case-conflict-1024x576.jpg 1024w, http:\/\/www.veronika-santo.com\/wp-content\/uploads\/santo-case-conflict.jpg 1600w\" sizes=\"(max-width: 394px) 100vw, 394px\" \/><\/a>Veronika Santo je do sada  \u00a0objavila dvije samostalne antologije pri\u010da u Hrvatskoj, jednu u Italiji, romane<\/p>\n<p>\u201eGranice na vjetru\u201c i \u201c \u201eJedne no\u0107i, u \u0161umi, koraci na stazi\u201c u Hrvatskoj te  roman \u201cGranice na vjetru  u Srbiji.<br \/>\n Pri\u010de su joj uvr\u0161tene u vi\u0161e antologija, kako u Hrvatskoj i Srbiji, tako i u Italiji, neke od njih\u00a0 su nagra\u0111ivane.<br \/>\nPri\u010da \u201eDuboke vode\u201c jedan je od pobjednika vi\u0161ejezi\u010dnog knji\u017eevnog natje\u010daja \u201cLa Biblioteca di Babele\u201d organiziranog pod pokroviteljstvom Sveu\u010dili\u0161ta u Torinu.<\/p>\n<p>\u00a0Pri\u010de \u201eEvici s ljubavlju\u201c \u00a0i \u201cUvijek nedjeljom\u201d nagra\u0111ene su zagreba\u010dkom \u201eSferom\u201c, a za pri\u010du \u201eTri Laure dobila je nagradu\u00a0 Artefakt udruge 3. zmaj iz Rijeke. Pri\u010da \u201cVrt pram\u010danih figura\u201d \u00a0pobjednik je na natje\u010daju za kratku pri\u010du\u00a0\u00a0 beogradskog magazina \u201cZnak Sagite\u201d.<br \/>\n2017. godine roman  \u201eGranice na vjetru\u201c dobio je nagradu Sfera.<br \/>\n \u201dVenecijanski sat\u201d, nastao po istoimenoj pri\u010di, njena je sedma objavljena knjiga.<br \/>\n\u010clan je Hrvatskog Dru\u0161tva pisaca.<\/p>\n","protected":false},"excerpt":{"rendered":"<p>Veronika Santo je do sada \u00a0objavila dvije samostalne antologije pri\u010da u Hrvatskoj, jednu u Italiji, romane \u201eGranice na vjetru\u201c i \u201c \u201eJedne no\u0107i, u \u0161umi, koraci na stazi\u201c u Hrvatskoj te roman \u201cGranice na vjetru u Srbiji. Pri\u010de su joj uvr\u0161tene u vi\u0161e antologija, kako u Hrvatskoj i Srbiji, tako i u Italiji, neke od [&hellip;]<\/p>\n","protected":false},"author":1,"featured_media":7536,"comment_status":"closed","ping_status":"closed","sticky":false,"template":"","format":"standard","meta":[],"categories":[78],"tags":[],"_links":{"self":[{"href":"http:\/\/www.veronika-santo.com\/index.php?rest_route=\/wp\/v2\/posts\/7142"}],"collection":[{"href":"http:\/\/www.veronika-santo.com\/index.php?rest_route=\/wp\/v2\/posts"}],"about":[{"href":"http:\/\/www.veronika-santo.com\/index.php?rest_route=\/wp\/v2\/types\/post"}],"author":[{"embeddable":true,"href":"http:\/\/www.veronika-santo.com\/index.php?rest_route=\/wp\/v2\/users\/1"}],"replies":[{"embeddable":true,"href":"http:\/\/www.veronika-santo.com\/index.php?rest_route=%2Fwp%2Fv2%2Fcomments&post=7142"}],"version-history":[{"count":15,"href":"http:\/\/www.veronika-santo.com\/index.php?rest_route=\/wp\/v2\/posts\/7142\/revisions"}],"predecessor-version":[{"id":7583,"href":"http:\/\/www.veronika-santo.com\/index.php?rest_route=\/wp\/v2\/posts\/7142\/revisions\/7583"}],"wp:featuredmedia":[{"embeddable":true,"href":"http:\/\/www.veronika-santo.com\/index.php?rest_route=\/wp\/v2\/media\/7536"}],"wp:attachment":[{"href":"http:\/\/www.veronika-santo.com\/index.php?rest_route=%2Fwp%2Fv2%2Fmedia&parent=7142"}],"wp:term":[{"taxonomy":"category","embeddable":true,"href":"http:\/\/www.veronika-santo.com\/index.php?rest_route=%2Fwp%2Fv2%2Fcategories&post=7142"},{"taxonomy":"post_tag","embeddable":true,"href":"http:\/\/www.veronika-santo.com\/index.php?rest_route=%2Fwp%2Fv2%2Ftags&post=7142"}],"curies":[{"name":"wp","href":"https:\/\/api.w.org\/{rel}","templated":true}]}}